{"id":2155,"date":"2026-06-21T14:06:00","date_gmt":"2026-06-21T12:06:00","guid":{"rendered":"https:\/\/martinnaundorf.de\/?p=2155"},"modified":"2026-07-22T15:09:16","modified_gmt":"2026-07-22T13:09:16","slug":"raeume-halten-monsters-and-politics","status":"publish","type":"post","link":"https:\/\/martinnaundorf.de\/en\/raeume-halten-monsters-and-politics\/","title":{"rendered":"Holding Space: Monsters and Politics"},"content":{"rendered":"<p class=\"wp-block-paragraph\">IMPULSE Festival, Bochum<\/p>\n\n\n\n<p class=\"wp-block-paragraph\">2026<\/p>\n\n\n\n<p class=\"wp-block-paragraph\">As part of the IMPULSE Festival for Perfor\u00admance, Theater, and Dance, I&nbsp;discussed the \u201cMonsters and Politics\u201d of our time at the PRT Bochum alongside Spiegel bestselling author and cultural journalist \u015eeyda Kurt, the chair of Bochum\u2019s Cultural Committee Bat\u0131ka\u011fan Pulat, and No\u00ebmi Sander from \u201cRadikale T\u00f6chter.\u201d The event was part of the \u201cR\u00e4ume halten\u201d (Holding Space) discussion series curated by Leonie Adam, which addresses the growing influence of (right-wing) reactionary positions on the art and cultural landscape.<\/p>\n\n\n\n<p class=\"metadaten is-style-metadaten wp-block-paragraph\">Concept and moderation: Leonie Adam<\/p>\n\n\n\n<p class=\"metadaten is-style-metadaten wp-block-paragraph\">Venue: PRT Bochum<\/p>\n\n\n\n<p class=\"is-style-metadaten wp-block-paragraph\">Date: June 14, 2026<\/p>\n\n\n\n<p class=\"wp-block-paragraph\"><\/p>","protected":false},"excerpt":{"rendered":"<p>IMPULSE Festival, Bochum 2026 Im Rahmen des IMPULSE Festivals f\u00fcr Performance, Theater und Tanz diskutiere ich am 14. Juni im PRT Bochum gemeinsam mit der Spiegel-Bestseller-Autorin und Kulturjournalistin&nbsp;\u015eeyda Kurt, dem Vorsitzende des Kulturausschusses in Bochum&nbsp;Bat\u0131ka\u011fan Pulat sowie&nbsp;mit No\u00ebmi Sander&nbsp;von \u201eRadikale T\u00f6chter\u201c&nbsp;\u00fcber die \u201eMonsters and Politics\u201c unserer Zeit. Die Veranstaltung war Teil der Diskursreihe \u201eR\u00e4ume halten\u201c [&hellip;]<\/p>\n","protected":false},"author":2,"featured_media":2156,"comment_status":"closed","ping_status":"closed","sticky":false,"template":"","format":"standard","meta":{"_acf_changed":false,"wp_typography_post_enhancements_disabled":false,"footnotes":""},"categories":[11],"tags":[156,22,159,53,158,26,21,157],"jahr":[112],"class_list":["post-2155","post","type-post","status-publish","format-standard","has-post-thumbnail","hentry","category-vortrag","tag-bochum","tag-festival","tag-gegen-rechts","tag-gespraech","tag-kulturkampf","tag-kunst","tag-osten","tag-raeume-halten"],"acf":[],"yoast_head":"<!-- This site is optimized with the Yoast SEO plugin v28.0 - https:\/\/yoast.com\/product\/yoast-seo-wordpress\/ -->\n<title>R\u00e4ume halten: Monsters and Politics &#8212; Martin Naundorf<\/title>\n<meta name=\"robots\" content=\"index, follow, max-snippet:-1, max-image-preview:large, max-video-preview:-1\" \/>\n<link rel=\"canonical\" href=\"https:\/\/martinnaundorf.de\/en\/raeume-halten-monsters-and-politics\/\" \/>\n<meta property=\"og:locale\" content=\"en_GB\" \/>\n<meta property=\"og:type\" content=\"article\" \/>\n<meta property=\"og:title\" content=\"R\u00e4ume halten: Monsters and Politics &#8212; Martin Naundorf\" \/>\n<meta property=\"og:description\" content=\"IMPULSE Festival, Bochum 2026 Im Rahmen des IMPULSE Festivals f\u00fcr Performance, Theater und Tanz diskutiere ich am 14. Juni im PRT Bochum gemeinsam mit der Spiegel-Bestseller-Autorin und Kulturjournalistin&nbsp;\u015eeyda Kurt, dem Vorsitzende des Kulturausschusses in Bochum&nbsp;Bat\u0131ka\u011fan Pulat sowie&nbsp;mit No\u00ebmi Sander&nbsp;von \u201eRadikale T\u00f6chter\u201c&nbsp;\u00fcber die \u201eMonsters and Politics\u201c unserer Zeit. Die Veranstaltung war Teil der Diskursreihe \u201eR\u00e4ume halten\u201c [&hellip;]\" \/>\n<meta property=\"og:url\" content=\"https:\/\/martinnaundorf.de\/en\/raeume-halten-monsters-and-politics\/\" \/>\n<meta property=\"og:site_name\" content=\"Martin Naundorf\" \/>\n<meta property=\"article:published_time\" content=\"2026-06-21T12:06:00+00:00\" \/>\n<meta property=\"article:modified_time\" content=\"2026-07-22T13:09:16+00:00\" \/>\n<meta property=\"og:image\" content=\"http:\/\/martinnaundorf.de\/wp-content\/uploads\/2026\/06\/Impulse-Raeume-halten-1.jpg\" \/>\n\t<meta property=\"og:image:width\" content=\"1500\" \/>\n\t<meta property=\"og:image:height\" content=\"1125\" \/>\n\t<meta property=\"og:image:type\" content=\"image\/jpeg\" \/>\n<meta name=\"author\" content=\"Martin Naundorf\" \/>\n<meta name=\"twitter:label1\" content=\"Written by\" \/>\n\t<meta name=\"twitter:data1\" content=\"Martin Naundorf\" \/>\n\t<meta name=\"twitter:label2\" content=\"Estimated reading time\" \/>\n\t<meta name=\"twitter:data2\" content=\"1 minute\" \/>\n<script type=\"application\/ld+json\" class=\"yoast-schema-graph\">{\"@context\":\"https:\\\/\\\/schema.org\",\"@graph\":[{\"@type\":\"Article\",\"@id\":\"https:\\\/\\\/martinnaundorf.de\\\/raeume-halten-monsters-and-politics\\\/#article\",\"isPartOf\":{\"@id\":\"https:\\\/\\\/martinnaundorf.de\\\/raeume-halten-monsters-and-politics\\\/\"},\"author\":{\"name\":\"Martin Naundorf\",\"@id\":\"https:\\\/\\\/martinnaundorf.de\\\/#\\\/schema\\\/person\\\/60f791c604a88b712c627ef84a34fed6\"},\"headline\":\"R\u00e4ume halten: Monsters and Politics\",\"datePublished\":\"2026-06-21T12:06:00+00:00\",\"dateModified\":\"2026-07-22T13:09:16+00:00\",\"mainEntityOfPage\":{\"@id\":\"https:\\\/\\\/martinnaundorf.de\\\/raeume-halten-monsters-and-politics\\\/\"},\"wordCount\":104,\"publisher\":{\"@id\":\"https:\\\/\\\/martinnaundorf.de\\\/#\\\/schema\\\/person\\\/60f791c604a88b712c627ef84a34fed6\"},\"image\":{\"@id\":\"https:\\\/\\\/martinnaundorf.de\\\/raeume-halten-monsters-and-politics\\\/#primaryimage\"},\"thumbnailUrl\":\"https:\\\/\\\/martinnaundorf.de\\\/wp-content\\\/uploads\\\/2026\\\/06\\\/Impulse-Raeume-halten-1.jpg\",\"keywords\":[\"Bochum\",\"Festival\",\"gegen Rechts\",\"Gespr\u00e4ch\",\"Kulturkampf\",\"Kunst\",\"Osten\",\"R\u00e4ume halten\"],\"articleSection\":[\"Vortrag\"],\"inLanguage\":\"en-GB\"},{\"@type\":\"WebPage\",\"@id\":\"https:\\\/\\\/martinnaundorf.de\\\/raeume-halten-monsters-and-politics\\\/\",\"url\":\"https:\\\/\\\/martinnaundorf.de\\\/raeume-halten-monsters-and-politics\\\/\",\"name\":\"R\u00e4ume halten: Monsters and Politics &#8212; Martin Naundorf\",\"isPartOf\":{\"@id\":\"https:\\\/\\\/martinnaundorf.de\\\/#website\"},\"primaryImageOfPage\":{\"@id\":\"https:\\\/\\\/martinnaundorf.de\\\/raeume-halten-monsters-and-politics\\\/#primaryimage\"},\"image\":{\"@id\":\"https:\\\/\\\/martinnaundorf.de\\\/raeume-halten-monsters-and-politics\\\/#primaryimage\"},\"thumbnailUrl\":\"https:\\\/\\\/martinnaundorf.de\\\/wp-content\\\/uploads\\\/2026\\\/06\\\/Impulse-Raeume-halten-1.jpg\",\"datePublished\":\"2026-06-21T12:06:00+00:00\",\"dateModified\":\"2026-07-22T13:09:16+00:00\",\"breadcrumb\":{\"@id\":\"https:\\\/\\\/martinnaundorf.de\\\/raeume-halten-monsters-and-politics\\\/#breadcrumb\"},\"inLanguage\":\"en-GB\",\"potentialAction\":[{\"@type\":\"ReadAction\",\"target\":[\"https:\\\/\\\/martinnaundorf.de\\\/raeume-halten-monsters-and-politics\\\/\"]}]},{\"@type\":\"ImageObject\",\"inLanguage\":\"en-GB\",\"@id\":\"https:\\\/\\\/martinnaundorf.de\\\/raeume-halten-monsters-and-politics\\\/#primaryimage\",\"url\":\"https:\\\/\\\/martinnaundorf.de\\\/wp-content\\\/uploads\\\/2026\\\/06\\\/Impulse-Raeume-halten-1.jpg\",\"contentUrl\":\"https:\\\/\\\/martinnaundorf.de\\\/wp-content\\\/uploads\\\/2026\\\/06\\\/Impulse-Raeume-halten-1.jpg\",\"width\":1500,\"height\":1125},{\"@type\":\"BreadcrumbList\",\"@id\":\"https:\\\/\\\/martinnaundorf.de\\\/raeume-halten-monsters-and-politics\\\/#breadcrumb\",\"itemListElement\":[{\"@type\":\"ListItem\",\"position\":1,\"name\":\"Start\",\"item\":\"https:\\\/\\\/martinnaundorf.de\\\/\"},{\"@type\":\"ListItem\",\"position\":2,\"name\":\"R\u00e4ume halten: Monsters and Politics\"}]},{\"@type\":\"WebSite\",\"@id\":\"https:\\\/\\\/martinnaundorf.de\\\/#website\",\"url\":\"https:\\\/\\\/martinnaundorf.de\\\/\",\"name\":\"Martin Naundorf\",\"description\":\"\",\"publisher\":{\"@id\":\"https:\\\/\\\/martinnaundorf.de\\\/#\\\/schema\\\/person\\\/60f791c604a88b712c627ef84a34fed6\"},\"potentialAction\":[{\"@type\":\"SearchAction\",\"target\":{\"@type\":\"EntryPoint\",\"urlTemplate\":\"https:\\\/\\\/martinnaundorf.de\\\/?s={search_term_string}\"},\"query-input\":{\"@type\":\"PropertyValueSpecification\",\"valueRequired\":true,\"valueName\":\"search_term_string\"}}],\"inLanguage\":\"en-GB\"},{\"@type\":[\"Person\",\"Organization\"],\"@id\":\"https:\\\/\\\/martinnaundorf.de\\\/#\\\/schema\\\/person\\\/60f791c604a88b712c627ef84a34fed6\",\"name\":\"Martin Naundorf\",\"image\":{\"@type\":\"ImageObject\",\"inLanguage\":\"en-GB\",\"@id\":\"https:\\\/\\\/martinnaundorf.de\\\/wp-content\\\/uploads\\\/2026\\\/03\\\/Portrait_Web_LowRes-2.jpg\",\"url\":\"https:\\\/\\\/martinnaundorf.de\\\/wp-content\\\/uploads\\\/2026\\\/03\\\/Portrait_Web_LowRes-2.jpg\",\"contentUrl\":\"https:\\\/\\\/martinnaundorf.de\\\/wp-content\\\/uploads\\\/2026\\\/03\\\/Portrait_Web_LowRes-2.jpg\",\"width\":1365,\"height\":2048,\"caption\":\"Martin Naundorf\"},\"logo\":{\"@id\":\"https:\\\/\\\/martinnaundorf.de\\\/wp-content\\\/uploads\\\/2026\\\/03\\\/Portrait_Web_LowRes-2.jpg\"}}]}<\/script>\n<!-- \/ Yoast SEO plugin. -->","yoast_head_json":{"title":"R\u00e4ume halten: Monsters and Politics \u2014 Martin Naundorf","robots":{"index":"index","follow":"follow","max-snippet":"max-snippet:-1","max-image-preview":"max-image-preview:large","max-video-preview":"max-video-preview:-1"},"canonical":"https:\/\/martinnaundorf.de\/en\/raeume-halten-monsters-and-politics\/","og_locale":"en_GB","og_type":"article","og_title":"R\u00e4ume halten: Monsters and Politics &#8212; Martin Naundorf","og_description":"IMPULSE Festival, Bochum 2026 Im Rahmen des IMPULSE Festivals f\u00fcr Performance, Theater und Tanz diskutiere ich am 14. Juni im PRT Bochum gemeinsam mit der Spiegel-Bestseller-Autorin und Kulturjournalistin&nbsp;\u015eeyda Kurt, dem Vorsitzende des Kulturausschusses in Bochum&nbsp;Bat\u0131ka\u011fan Pulat sowie&nbsp;mit No\u00ebmi Sander&nbsp;von \u201eRadikale T\u00f6chter\u201c&nbsp;\u00fcber die \u201eMonsters and Politics\u201c unserer Zeit. Die Veranstaltung war Teil der Diskursreihe \u201eR\u00e4ume halten\u201c [&hellip;]","og_url":"https:\/\/martinnaundorf.de\/en\/raeume-halten-monsters-and-politics\/","og_site_name":"Martin Naundorf","article_published_time":"2026-06-21T12:06:00+00:00","article_modified_time":"2026-07-22T13:09:16+00:00","og_image":[{"width":1500,"height":1125,"url":"http:\/\/martinnaundorf.de\/wp-content\/uploads\/2026\/06\/Impulse-Raeume-halten-1.jpg","type":"image\/jpeg"}],"author":"Martin Naundorf","twitter_misc":{"Written by":"Martin Naundorf","Estimated reading time":"1 minute"},"schema":{"@context":"https:\/\/schema.org","@graph":[{"@type":"Article","@id":"https:\/\/martinnaundorf.de\/raeume-halten-monsters-and-politics\/#article","isPartOf":{"@id":"https:\/\/martinnaundorf.de\/raeume-halten-monsters-and-politics\/"},"author":{"name":"Martin Naundorf","@id":"https:\/\/martinnaundorf.de\/#\/schema\/person\/60f791c604a88b712c627ef84a34fed6"},"headline":"R\u00e4ume halten: Monsters and Politics","datePublished":"2026-06-21T12:06:00+00:00","dateModified":"2026-07-22T13:09:16+00:00","mainEntityOfPage":{"@id":"https:\/\/martinnaundorf.de\/raeume-halten-monsters-and-politics\/"},"wordCount":104,"publisher":{"@id":"https:\/\/martinnaundorf.de\/#\/schema\/person\/60f791c604a88b712c627ef84a34fed6"},"image":{"@id":"https:\/\/martinnaundorf.de\/raeume-halten-monsters-and-politics\/#primaryimage"},"thumbnailUrl":"https:\/\/martinnaundorf.de\/wp-content\/uploads\/2026\/06\/Impulse-Raeume-halten-1.jpg","keywords":["Bochum","Festival","gegen Rechts","Gespr\u00e4ch","Kulturkampf","Kunst","Osten","R\u00e4ume halten"],"articleSection":["Vortrag"],"inLanguage":"en-GB"},{"@type":"WebPage","@id":"https:\/\/martinnaundorf.de\/raeume-halten-monsters-and-politics\/","url":"https:\/\/martinnaundorf.de\/raeume-halten-monsters-and-politics\/","name":"R\u00e4ume halten: Monsters and Politics \u2014 Martin Naundorf","isPartOf":{"@id":"https:\/\/martinnaundorf.de\/#website"},"primaryImageOfPage":{"@id":"https:\/\/martinnaundorf.de\/raeume-halten-monsters-and-politics\/#primaryimage"},"image":{"@id":"https:\/\/martinnaundorf.de\/raeume-halten-monsters-and-politics\/#primaryimage"},"thumbnailUrl":"https:\/\/martinnaundorf.de\/wp-content\/uploads\/2026\/06\/Impulse-Raeume-halten-1.jpg","datePublished":"2026-06-21T12:06:00+00:00","dateModified":"2026-07-22T13:09:16+00:00","breadcrumb":{"@id":"https:\/\/martinnaundorf.de\/raeume-halten-monsters-and-politics\/#breadcrumb"},"inLanguage":"en-GB","potentialAction":[{"@type":"ReadAction","target":["https:\/\/martinnaundorf.de\/raeume-halten-monsters-and-politics\/"]}]},{"@type":"ImageObject","inLanguage":"en-GB","@id":"https:\/\/martinnaundorf.de\/raeume-halten-monsters-and-politics\/#primaryimage","url":"https:\/\/martinnaundorf.de\/wp-content\/uploads\/2026\/06\/Impulse-Raeume-halten-1.jpg","contentUrl":"https:\/\/martinnaundorf.de\/wp-content\/uploads\/2026\/06\/Impulse-Raeume-halten-1.jpg","width":1500,"height":1125},{"@type":"BreadcrumbList","@id":"https:\/\/martinnaundorf.de\/raeume-halten-monsters-and-politics\/#breadcrumb","itemListElement":[{"@type":"ListItem","position":1,"name":"Start","item":"https:\/\/martinnaundorf.de\/"},{"@type":"ListItem","position":2,"name":"R\u00e4ume halten: Monsters and Politics"}]},{"@type":"WebSite","@id":"https:\/\/martinnaundorf.de\/#website","url":"https:\/\/martinnaundorf.de\/","name":"Martin Naundorf","description":"","publisher":{"@id":"https:\/\/martinnaundorf.de\/#\/schema\/person\/60f791c604a88b712c627ef84a34fed6"},"potentialAction":[{"@type":"SearchAction","target":{"@type":"EntryPoint","urlTemplate":"https:\/\/martinnaundorf.de\/?s={search_term_string}"},"query-input":{"@type":"PropertyValueSpecification","valueRequired":true,"valueName":"search_term_string"}}],"inLanguage":"en-GB"},{"@type":["Person","Organization"],"@id":"https:\/\/martinnaundorf.de\/#\/schema\/person\/60f791c604a88b712c627ef84a34fed6","name":"Martin Naundorf","image":{"@type":"ImageObject","inLanguage":"en-GB","@id":"https:\/\/martinnaundorf.de\/wp-content\/uploads\/2026\/03\/Portrait_Web_LowRes-2.jpg","url":"https:\/\/martinnaundorf.de\/wp-content\/uploads\/2026\/03\/Portrait_Web_LowRes-2.jpg","contentUrl":"https:\/\/martinnaundorf.de\/wp-content\/uploads\/2026\/03\/Portrait_Web_LowRes-2.jpg","width":1365,"height":2048,"caption":"Martin Naundorf"},"logo":{"@id":"https:\/\/martinnaundorf.de\/wp-content\/uploads\/2026\/03\/Portrait_Web_LowRes-2.jpg"}}]}},"_links":{"self":[{"href":"https:\/\/martinnaundorf.de\/en\/wp-json\/wp\/v2\/posts\/2155","targetHints":{"allow":["GET"]}}],"collection":[{"href":"https:\/\/martinnaundorf.de\/en\/wp-json\/wp\/v2\/posts"}],"about":[{"href":"https:\/\/martinnaundorf.de\/en\/wp-json\/wp\/v2\/types\/post"}],"author":[{"embeddable":true,"href":"https:\/\/martinnaundorf.de\/en\/wp-json\/wp\/v2\/users\/2"}],"replies":[{"embeddable":true,"href":"https:\/\/martinnaundorf.de\/en\/wp-json\/wp\/v2\/comments?post=2155"}],"version-history":[{"count":6,"href":"https:\/\/martinnaundorf.de\/en\/wp-json\/wp\/v2\/posts\/2155\/revisions"}],"predecessor-version":[{"id":2411,"href":"https:\/\/martinnaundorf.de\/en\/wp-json\/wp\/v2\/posts\/2155\/revisions\/2411"}],"wp:featuredmedia":[{"embeddable":true,"href":"https:\/\/martinnaundorf.de\/en\/wp-json\/wp\/v2\/media\/2156"}],"wp:attachment":[{"href":"https:\/\/martinnaundorf.de\/en\/wp-json\/wp\/v2\/media?parent=2155"}],"wp:term":[{"taxonomy":"category","embeddable":true,"href":"https:\/\/martinnaundorf.de\/en\/wp-json\/wp\/v2\/categories?post=2155"},{"taxonomy":"post_tag","embeddable":true,"href":"https:\/\/martinnaundorf.de\/en\/wp-json\/wp\/v2\/tags?post=2155"},{"taxonomy":"jahr","embeddable":true,"href":"https:\/\/martinnaundorf.de\/en\/wp-json\/wp\/v2\/jahr?post=2155"}],"curies":[{"name":"wp","href":"https:\/\/api.w.org\/{rel}","templated":true}]}}